{"id":87,"date":"2022-01-08T20:20:31","date_gmt":"2022-01-08T23:20:31","guid":{"rendered":"https:\/\/comites.host079.com.br\/il-nuovo-presidente-dei-comites-de-brasilia-che-rappresenta-oltre-agli-italiani-del-df-i-cittadini-di-go-to-am-pa-ap-rr-e-suriname-parla-dei-piani-dei-progetti-e-delle-priorita-della-nuova-gestione-o\/"},"modified":"2022-01-29T19:24:12","modified_gmt":"2022-01-29T22:24:12","slug":"il-nuovo-presidente-dei-comites-de-brasilia-che-rappresenta-oltre-agli-italiani-del-df-i-cittadini-di-go-to-am-pa-ap-rr-e-suriname-parla-dei-piani-dei-progetti-e-delle-priorita-della-nuova-gestione-o","status":"publish","type":"post","link":"https:\/\/comitesbrasilia.org.br\/pt_br\/noticias\/il-nuovo-presidente-dei-comites-de-brasilia-che-rappresenta-oltre-agli-italiani-del-df-i-cittadini-di-go-to-am-pa-ap-rr-e-suriname-parla-dei-piani-dei-progetti-e-delle-priorita-della-nuova-gestione-o\/","title":{"rendered":"O novo presidente dos Comit\u00eas de Bras\u00edlia &#8211; que representa, al\u00e9m dos italianos do DF, os cidad\u00e3os de GO, TO, AM, PA, AP, RR e Suriname &#8211; fala sobre os planos, projetos e prioridades da nova gest\u00e3o."},"content":{"rendered":"<p>O presidente eleito do Comites de Bras\u00edlia, Frederico Tojal Cianni fala sobre as prioridades da nova, abordando os projetos priorit\u00e1rios e as necessidades detectadas pelos cidad\u00e3os italianos de sua circunscri\u00e7\u00e3o, que abrange seis estados, al\u00e9m do Distrito Federal e o Suriname. Entre estas prioridades ele destaca a reformula\u00e7\u00e3o das Comiss\u00f5es tem\u00e1ticas para torna-las mais efetivas e a luta pela institui\u00e7\u00e3o de balc\u00f5es consulares para facilitar o acesso de todos os cidada\u00f5s aos servi\u00e7os dos Consulados.<\/p>\n<p>Ou\u00e7a abaixo, ap\u00f3s a publicidade:<\/p>\n<p><iframe loading=\"lazy\" src=\"https:\/\/w.soundcloud.com\/player\/?url=https%3A\/\/api.soundcloud.com\/tracks\/1175546641&amp;color=ff0000\" width=\"100%\" height=\"166\" frameborder=\"no\" scrolling=\"no\"><\/iframe><\/p>\n<div style=\"font-size: 10px; color: #cccccc; line-break: anywhere; word-break: normal; overflow: hidden; white-space: nowrap; text-overflow: ellipsis; font-family: Interstate,Lucida Grande,Lucida Sans Unicode,Lucida Sans,Garuda,Verdana,Tahoma,sans-serif; font-weight: 100;\"><a style=\"color: #cccccc; text-decoration: none;\" title=\"Brasit\u00e1lia WebR\u00e1dio\" href=\"https:\/\/soundcloud.com\/brasitaliawebradio\" target=\"_blank\" rel=\"noopener noreferrer\">Brasit\u00e1lia WebR\u00e1dio<\/a> \u00b7 <a style=\"color: #cccccc; text-decoration: none;\" title=\"Brasitalia Entrevista Frederico Cianni, Presidente eleito do Comites BSB\" href=\"https:\/\/soundcloud.com\/brasitaliawebradio\/brasitalia-entrevista-frederico-cianni-presidente-eleito-do-comites-bsb\" target=\"_blank\" rel=\"noopener noreferrer\">Brasitalia Entrevista Frederico Cianni, Presidente eleito do Comites BSB<\/a><\/div>\n","protected":false},"excerpt":{"rendered":"<p>O presidente eleito do Comites de Bras\u00edlia, Frederico Tojal Cianni fala sobre as prioridades da nova, abordando os projetos priorit\u00e1rios e as necessidades detectadas pelos cidad\u00e3os italianos de sua circunscri\u00e7\u00e3o,&#8230;<\/p>\n","protected":false},"author":1,"featured_media":106,"comment_status":"open","ping_status":"open","sticky":false,"template":"","format":"standard","meta":{"footnotes":""},"categories":[15],"tags":[],"class_list":{"0":"post-87","1":"post","2":"type-post","3":"status-publish","4":"format-standard","5":"has-post-thumbnail","7":"category-noticias"},"yoast_head":"<!-- This site is optimized with the Yoast SEO plugin v27.5 - https:\/\/yoast.com\/product\/yoast-seo-wordpress\/ -->\n<title>O novo presidente dos Comit\u00eas de Bras\u00edlia - que representa, al\u00e9m dos italianos do DF, os cidad\u00e3os de GO, TO, AM, PA, AP, RR e Suriname - fala sobre os planos, projetos e prioridades da nova gest\u00e3o. - Comites Bras\u00edlia<\/title>\n<meta name=\"robots\" content=\"index, follow, max-snippet:-1, max-image-preview:large, max-video-preview:-1\" \/>\n<link rel=\"canonical\" href=\"https:\/\/comitesbrasilia.org.br\/pt_br\/noticias\/il-nuovo-presidente-dei-comites-de-brasilia-che-rappresenta-oltre-agli-italiani-del-df-i-cittadini-di-go-to-am-pa-ap-rr-e-suriname-parla-dei-piani-dei-progetti-e-delle-priorita-della-nuova-gestione-o\/\" \/>\n<meta property=\"og:locale\" content=\"pt_BR\" \/>\n<meta property=\"og:type\" content=\"article\" \/>\n<meta property=\"og:title\" content=\"O novo presidente dos Comit\u00eas de Bras\u00edlia - que representa, al\u00e9m dos italianos do DF, os cidad\u00e3os de GO, TO, AM, PA, AP, RR e Suriname - fala sobre os planos, projetos e prioridades da nova gest\u00e3o. - Comites Bras\u00edlia\" \/>\n<meta property=\"og:description\" content=\"O presidente eleito do Comites de Bras\u00edlia, Frederico Tojal Cianni fala sobre as prioridades da nova, abordando os projetos priorit\u00e1rios e as necessidades detectadas pelos cidad\u00e3os italianos de sua circunscri\u00e7\u00e3o,...\" \/>\n<meta property=\"og:url\" content=\"https:\/\/comitesbrasilia.org.br\/pt_br\/noticias\/il-nuovo-presidente-dei-comites-de-brasilia-che-rappresenta-oltre-agli-italiani-del-df-i-cittadini-di-go-to-am-pa-ap-rr-e-suriname-parla-dei-piani-dei-progetti-e-delle-priorita-della-nuova-gestione-o\/\" \/>\n<meta property=\"og:site_name\" content=\"Comites Bras\u00edlia\" \/>\n<meta property=\"article:published_time\" content=\"2022-01-08T23:20:31+00:00\" \/>\n<meta property=\"article:modified_time\" content=\"2022-01-29T22:24:12+00:00\" \/>\n<meta property=\"og:image\" content=\"https:\/\/comitesbrasilia.org.br\/wp-content\/uploads\/2022\/01\/frederico_cianni.png\" \/>\n\t<meta property=\"og:image:width\" content=\"935\" \/>\n\t<meta property=\"og:image:height\" content=\"934\" \/>\n\t<meta property=\"og:image:type\" content=\"image\/png\" \/>\n<meta name=\"author\" content=\"host079\" \/>\n<meta name=\"twitter:card\" content=\"summary_large_image\" \/>\n<script type=\"application\/ld+json\" class=\"yoast-schema-graph\">{\"@context\":\"https:\\\/\\\/schema.org\",\"@graph\":[{\"@type\":\"Article\",\"@id\":\"https:\\\/\\\/comitesbrasilia.org.br\\\/pt_br\\\/noticias\\\/il-nuovo-presidente-dei-comites-de-brasilia-che-rappresenta-oltre-agli-italiani-del-df-i-cittadini-di-go-to-am-pa-ap-rr-e-suriname-parla-dei-piani-dei-progetti-e-delle-priorita-della-nuova-gestione-o\\\/#article\",\"isPartOf\":{\"@id\":\"https:\\\/\\\/comitesbrasilia.org.br\\\/pt_br\\\/noticias\\\/il-nuovo-presidente-dei-comites-de-brasilia-che-rappresenta-oltre-agli-italiani-del-df-i-cittadini-di-go-to-am-pa-ap-rr-e-suriname-parla-dei-piani-dei-progetti-e-delle-priorita-della-nuova-gestione-o\\\/\"},\"author\":{\"name\":\"host079\",\"@id\":\"https:\\\/\\\/comitesbrasilia.org.br\\\/pt_br\\\/#\\\/schema\\\/person\\\/90e23976ea7b03ea70bf39ff975050c6\"},\"headline\":\"O novo presidente dos Comit\u00eas de Bras\u00edlia &#8211; que representa, al\u00e9m dos italianos do DF, os cidad\u00e3os de GO, TO, AM, PA, AP, RR e Suriname &#8211; fala sobre os planos, projetos e prioridades da nova gest\u00e3o.\",\"datePublished\":\"2022-01-08T23:20:31+00:00\",\"dateModified\":\"2022-01-29T22:24:12+00:00\",\"mainEntityOfPage\":{\"@id\":\"https:\\\/\\\/comitesbrasilia.org.br\\\/pt_br\\\/noticias\\\/il-nuovo-presidente-dei-comites-de-brasilia-che-rappresenta-oltre-agli-italiani-del-df-i-cittadini-di-go-to-am-pa-ap-rr-e-suriname-parla-dei-piani-dei-progetti-e-delle-priorita-della-nuova-gestione-o\\\/\"},\"wordCount\":149,\"commentCount\":0,\"image\":{\"@id\":\"https:\\\/\\\/comitesbrasilia.org.br\\\/pt_br\\\/noticias\\\/il-nuovo-presidente-dei-comites-de-brasilia-che-rappresenta-oltre-agli-italiani-del-df-i-cittadini-di-go-to-am-pa-ap-rr-e-suriname-parla-dei-piani-dei-progetti-e-delle-priorita-della-nuova-gestione-o\\\/#primaryimage\"},\"thumbnailUrl\":\"https:\\\/\\\/comitesbrasilia.org.br\\\/wp-content\\\/uploads\\\/2022\\\/01\\\/frederico_cianni.png\",\"articleSection\":[\"Not\u00edcias\"],\"inLanguage\":\"pt-BR\",\"potentialAction\":[{\"@type\":\"CommentAction\",\"name\":\"Comment\",\"target\":[\"https:\\\/\\\/comitesbrasilia.org.br\\\/pt_br\\\/noticias\\\/il-nuovo-presidente-dei-comites-de-brasilia-che-rappresenta-oltre-agli-italiani-del-df-i-cittadini-di-go-to-am-pa-ap-rr-e-suriname-parla-dei-piani-dei-progetti-e-delle-priorita-della-nuova-gestione-o\\\/#respond\"]}]},{\"@type\":\"WebPage\",\"@id\":\"https:\\\/\\\/comitesbrasilia.org.br\\\/pt_br\\\/noticias\\\/il-nuovo-presidente-dei-comites-de-brasilia-che-rappresenta-oltre-agli-italiani-del-df-i-cittadini-di-go-to-am-pa-ap-rr-e-suriname-parla-dei-piani-dei-progetti-e-delle-priorita-della-nuova-gestione-o\\\/\",\"url\":\"https:\\\/\\\/comitesbrasilia.org.br\\\/pt_br\\\/noticias\\\/il-nuovo-presidente-dei-comites-de-brasilia-che-rappresenta-oltre-agli-italiani-del-df-i-cittadini-di-go-to-am-pa-ap-rr-e-suriname-parla-dei-piani-dei-progetti-e-delle-priorita-della-nuova-gestione-o\\\/\",\"name\":\"O novo presidente dos Comit\u00eas de Bras\u00edlia - que representa, al\u00e9m dos italianos do DF, os cidad\u00e3os de GO, TO, AM, PA, AP, RR e Suriname - fala sobre os planos, projetos e prioridades da nova gest\u00e3o. - Comites Bras\u00edlia\",\"isPartOf\":{\"@id\":\"https:\\\/\\\/comitesbrasilia.org.br\\\/pt_br\\\/#website\"},\"primaryImageOfPage\":{\"@id\":\"https:\\\/\\\/comitesbrasilia.org.br\\\/pt_br\\\/noticias\\\/il-nuovo-presidente-dei-comites-de-brasilia-che-rappresenta-oltre-agli-italiani-del-df-i-cittadini-di-go-to-am-pa-ap-rr-e-suriname-parla-dei-piani-dei-progetti-e-delle-priorita-della-nuova-gestione-o\\\/#primaryimage\"},\"image\":{\"@id\":\"https:\\\/\\\/comitesbrasilia.org.br\\\/pt_br\\\/noticias\\\/il-nuovo-presidente-dei-comites-de-brasilia-che-rappresenta-oltre-agli-italiani-del-df-i-cittadini-di-go-to-am-pa-ap-rr-e-suriname-parla-dei-piani-dei-progetti-e-delle-priorita-della-nuova-gestione-o\\\/#primaryimage\"},\"thumbnailUrl\":\"https:\\\/\\\/comitesbrasilia.org.br\\\/wp-content\\\/uploads\\\/2022\\\/01\\\/frederico_cianni.png\",\"datePublished\":\"2022-01-08T23:20:31+00:00\",\"dateModified\":\"2022-01-29T22:24:12+00:00\",\"author\":{\"@id\":\"https:\\\/\\\/comitesbrasilia.org.br\\\/pt_br\\\/#\\\/schema\\\/person\\\/90e23976ea7b03ea70bf39ff975050c6\"},\"breadcrumb\":{\"@id\":\"https:\\\/\\\/comitesbrasilia.org.br\\\/pt_br\\\/noticias\\\/il-nuovo-presidente-dei-comites-de-brasilia-che-rappresenta-oltre-agli-italiani-del-df-i-cittadini-di-go-to-am-pa-ap-rr-e-suriname-parla-dei-piani-dei-progetti-e-delle-priorita-della-nuova-gestione-o\\\/#breadcrumb\"},\"inLanguage\":\"pt-BR\",\"potentialAction\":[{\"@type\":\"ReadAction\",\"target\":[\"https:\\\/\\\/comitesbrasilia.org.br\\\/pt_br\\\/noticias\\\/il-nuovo-presidente-dei-comites-de-brasilia-che-rappresenta-oltre-agli-italiani-del-df-i-cittadini-di-go-to-am-pa-ap-rr-e-suriname-parla-dei-piani-dei-progetti-e-delle-priorita-della-nuova-gestione-o\\\/\"]}]},{\"@type\":\"ImageObject\",\"inLanguage\":\"pt-BR\",\"@id\":\"https:\\\/\\\/comitesbrasilia.org.br\\\/pt_br\\\/noticias\\\/il-nuovo-presidente-dei-comites-de-brasilia-che-rappresenta-oltre-agli-italiani-del-df-i-cittadini-di-go-to-am-pa-ap-rr-e-suriname-parla-dei-piani-dei-progetti-e-delle-priorita-della-nuova-gestione-o\\\/#primaryimage\",\"url\":\"https:\\\/\\\/comitesbrasilia.org.br\\\/wp-content\\\/uploads\\\/2022\\\/01\\\/frederico_cianni.png\",\"contentUrl\":\"https:\\\/\\\/comitesbrasilia.org.br\\\/wp-content\\\/uploads\\\/2022\\\/01\\\/frederico_cianni.png\",\"width\":935,\"height\":934},{\"@type\":\"BreadcrumbList\",\"@id\":\"https:\\\/\\\/comitesbrasilia.org.br\\\/pt_br\\\/noticias\\\/il-nuovo-presidente-dei-comites-de-brasilia-che-rappresenta-oltre-agli-italiani-del-df-i-cittadini-di-go-to-am-pa-ap-rr-e-suriname-parla-dei-piani-dei-progetti-e-delle-priorita-della-nuova-gestione-o\\\/#breadcrumb\",\"itemListElement\":[{\"@type\":\"ListItem\",\"position\":1,\"name\":\"In\u00edcio\",\"item\":\"https:\\\/\\\/comitesbrasilia.org.br\\\/\"},{\"@type\":\"ListItem\",\"position\":2,\"name\":\"O novo presidente dos Comit\u00eas de Bras\u00edlia &#8211; que representa, al\u00e9m dos italianos do DF, os cidad\u00e3os de GO, TO, AM, PA, AP, RR e Suriname &#8211; fala sobre os planos, projetos e prioridades da nova gest\u00e3o.\"}]},{\"@type\":\"WebSite\",\"@id\":\"https:\\\/\\\/comitesbrasilia.org.br\\\/pt_br\\\/#website\",\"url\":\"https:\\\/\\\/comitesbrasilia.org.br\\\/pt_br\\\/\",\"name\":\"Comites Bras\u00edlia\",\"description\":\"\",\"potentialAction\":[{\"@type\":\"SearchAction\",\"target\":{\"@type\":\"EntryPoint\",\"urlTemplate\":\"https:\\\/\\\/comitesbrasilia.org.br\\\/pt_br\\\/?s={search_term_string}\"},\"query-input\":{\"@type\":\"PropertyValueSpecification\",\"valueRequired\":true,\"valueName\":\"search_term_string\"}}],\"inLanguage\":\"pt-BR\"},{\"@type\":\"Person\",\"@id\":\"https:\\\/\\\/comitesbrasilia.org.br\\\/pt_br\\\/#\\\/schema\\\/person\\\/90e23976ea7b03ea70bf39ff975050c6\",\"name\":\"host079\",\"image\":{\"@type\":\"ImageObject\",\"inLanguage\":\"pt-BR\",\"@id\":\"https:\\\/\\\/secure.gravatar.com\\\/avatar\\\/1723fbfb96563b7fcfb2eb25713a4d721aaf3fbf96a34e56f80946023252d0b7?s=96&d=mm&r=g\",\"url\":\"https:\\\/\\\/secure.gravatar.com\\\/avatar\\\/1723fbfb96563b7fcfb2eb25713a4d721aaf3fbf96a34e56f80946023252d0b7?s=96&d=mm&r=g\",\"contentUrl\":\"https:\\\/\\\/secure.gravatar.com\\\/avatar\\\/1723fbfb96563b7fcfb2eb25713a4d721aaf3fbf96a34e56f80946023252d0b7?s=96&d=mm&r=g\",\"caption\":\"host079\"},\"sameAs\":[\"http:\\\/\\\/comites.host079.com.br\"],\"url\":\"https:\\\/\\\/comitesbrasilia.org.br\\\/pt_br\\\/author\\\/host079\\\/\"}]}<\/script>\n<!-- \/ Yoast SEO plugin. -->","yoast_head_json":{"title":"O novo presidente dos Comit\u00eas de Bras\u00edlia - que representa, al\u00e9m dos italianos do DF, os cidad\u00e3os de GO, TO, AM, PA, AP, RR e Suriname - fala sobre os planos, projetos e prioridades da nova gest\u00e3o. - Comites Bras\u00edlia","robots":{"index":"index","follow":"follow","max-snippet":"max-snippet:-1","max-image-preview":"max-image-preview:large","max-video-preview":"max-video-preview:-1"},"canonical":"https:\/\/comitesbrasilia.org.br\/pt_br\/noticias\/il-nuovo-presidente-dei-comites-de-brasilia-che-rappresenta-oltre-agli-italiani-del-df-i-cittadini-di-go-to-am-pa-ap-rr-e-suriname-parla-dei-piani-dei-progetti-e-delle-priorita-della-nuova-gestione-o\/","og_locale":"pt_BR","og_type":"article","og_title":"O novo presidente dos Comit\u00eas de Bras\u00edlia - que representa, al\u00e9m dos italianos do DF, os cidad\u00e3os de GO, TO, AM, PA, AP, RR e Suriname - fala sobre os planos, projetos e prioridades da nova gest\u00e3o. - Comites Bras\u00edlia","og_description":"O presidente eleito do Comites de Bras\u00edlia, Frederico Tojal Cianni fala sobre as prioridades da nova, abordando os projetos priorit\u00e1rios e as necessidades detectadas pelos cidad\u00e3os italianos de sua circunscri\u00e7\u00e3o,...","og_url":"https:\/\/comitesbrasilia.org.br\/pt_br\/noticias\/il-nuovo-presidente-dei-comites-de-brasilia-che-rappresenta-oltre-agli-italiani-del-df-i-cittadini-di-go-to-am-pa-ap-rr-e-suriname-parla-dei-piani-dei-progetti-e-delle-priorita-della-nuova-gestione-o\/","og_site_name":"Comites Bras\u00edlia","article_published_time":"2022-01-08T23:20:31+00:00","article_modified_time":"2022-01-29T22:24:12+00:00","og_image":[{"width":935,"height":934,"url":"https:\/\/comitesbrasilia.org.br\/wp-content\/uploads\/2022\/01\/frederico_cianni.png","type":"image\/png"}],"author":"host079","twitter_card":"summary_large_image","schema":{"@context":"https:\/\/schema.org","@graph":[{"@type":"Article","@id":"https:\/\/comitesbrasilia.org.br\/pt_br\/noticias\/il-nuovo-presidente-dei-comites-de-brasilia-che-rappresenta-oltre-agli-italiani-del-df-i-cittadini-di-go-to-am-pa-ap-rr-e-suriname-parla-dei-piani-dei-progetti-e-delle-priorita-della-nuova-gestione-o\/#article","isPartOf":{"@id":"https:\/\/comitesbrasilia.org.br\/pt_br\/noticias\/il-nuovo-presidente-dei-comites-de-brasilia-che-rappresenta-oltre-agli-italiani-del-df-i-cittadini-di-go-to-am-pa-ap-rr-e-suriname-parla-dei-piani-dei-progetti-e-delle-priorita-della-nuova-gestione-o\/"},"author":{"name":"host079","@id":"https:\/\/comitesbrasilia.org.br\/pt_br\/#\/schema\/person\/90e23976ea7b03ea70bf39ff975050c6"},"headline":"O novo presidente dos Comit\u00eas de Bras\u00edlia &#8211; que representa, al\u00e9m dos italianos do DF, os cidad\u00e3os de GO, TO, AM, PA, AP, RR e Suriname &#8211; fala sobre os planos, projetos e prioridades da nova gest\u00e3o.","datePublished":"2022-01-08T23:20:31+00:00","dateModified":"2022-01-29T22:24:12+00:00","mainEntityOfPage":{"@id":"https:\/\/comitesbrasilia.org.br\/pt_br\/noticias\/il-nuovo-presidente-dei-comites-de-brasilia-che-rappresenta-oltre-agli-italiani-del-df-i-cittadini-di-go-to-am-pa-ap-rr-e-suriname-parla-dei-piani-dei-progetti-e-delle-priorita-della-nuova-gestione-o\/"},"wordCount":149,"commentCount":0,"image":{"@id":"https:\/\/comitesbrasilia.org.br\/pt_br\/noticias\/il-nuovo-presidente-dei-comites-de-brasilia-che-rappresenta-oltre-agli-italiani-del-df-i-cittadini-di-go-to-am-pa-ap-rr-e-suriname-parla-dei-piani-dei-progetti-e-delle-priorita-della-nuova-gestione-o\/#primaryimage"},"thumbnailUrl":"https:\/\/comitesbrasilia.org.br\/wp-content\/uploads\/2022\/01\/frederico_cianni.png","articleSection":["Not\u00edcias"],"inLanguage":"pt-BR","potentialAction":[{"@type":"CommentAction","name":"Comment","target":["https:\/\/comitesbrasilia.org.br\/pt_br\/noticias\/il-nuovo-presidente-dei-comites-de-brasilia-che-rappresenta-oltre-agli-italiani-del-df-i-cittadini-di-go-to-am-pa-ap-rr-e-suriname-parla-dei-piani-dei-progetti-e-delle-priorita-della-nuova-gestione-o\/#respond"]}]},{"@type":"WebPage","@id":"https:\/\/comitesbrasilia.org.br\/pt_br\/noticias\/il-nuovo-presidente-dei-comites-de-brasilia-che-rappresenta-oltre-agli-italiani-del-df-i-cittadini-di-go-to-am-pa-ap-rr-e-suriname-parla-dei-piani-dei-progetti-e-delle-priorita-della-nuova-gestione-o\/","url":"https:\/\/comitesbrasilia.org.br\/pt_br\/noticias\/il-nuovo-presidente-dei-comites-de-brasilia-che-rappresenta-oltre-agli-italiani-del-df-i-cittadini-di-go-to-am-pa-ap-rr-e-suriname-parla-dei-piani-dei-progetti-e-delle-priorita-della-nuova-gestione-o\/","name":"O novo presidente dos Comit\u00eas de Bras\u00edlia - que representa, al\u00e9m dos italianos do DF, os cidad\u00e3os de GO, TO, AM, PA, AP, RR e Suriname - fala sobre os planos, projetos e prioridades da nova gest\u00e3o. - Comites Bras\u00edlia","isPartOf":{"@id":"https:\/\/comitesbrasilia.org.br\/pt_br\/#website"},"primaryImageOfPage":{"@id":"https:\/\/comitesbrasilia.org.br\/pt_br\/noticias\/il-nuovo-presidente-dei-comites-de-brasilia-che-rappresenta-oltre-agli-italiani-del-df-i-cittadini-di-go-to-am-pa-ap-rr-e-suriname-parla-dei-piani-dei-progetti-e-delle-priorita-della-nuova-gestione-o\/#primaryimage"},"image":{"@id":"https:\/\/comitesbrasilia.org.br\/pt_br\/noticias\/il-nuovo-presidente-dei-comites-de-brasilia-che-rappresenta-oltre-agli-italiani-del-df-i-cittadini-di-go-to-am-pa-ap-rr-e-suriname-parla-dei-piani-dei-progetti-e-delle-priorita-della-nuova-gestione-o\/#primaryimage"},"thumbnailUrl":"https:\/\/comitesbrasilia.org.br\/wp-content\/uploads\/2022\/01\/frederico_cianni.png","datePublished":"2022-01-08T23:20:31+00:00","dateModified":"2022-01-29T22:24:12+00:00","author":{"@id":"https:\/\/comitesbrasilia.org.br\/pt_br\/#\/schema\/person\/90e23976ea7b03ea70bf39ff975050c6"},"breadcrumb":{"@id":"https:\/\/comitesbrasilia.org.br\/pt_br\/noticias\/il-nuovo-presidente-dei-comites-de-brasilia-che-rappresenta-oltre-agli-italiani-del-df-i-cittadini-di-go-to-am-pa-ap-rr-e-suriname-parla-dei-piani-dei-progetti-e-delle-priorita-della-nuova-gestione-o\/#breadcrumb"},"inLanguage":"pt-BR","potentialAction":[{"@type":"ReadAction","target":["https:\/\/comitesbrasilia.org.br\/pt_br\/noticias\/il-nuovo-presidente-dei-comites-de-brasilia-che-rappresenta-oltre-agli-italiani-del-df-i-cittadini-di-go-to-am-pa-ap-rr-e-suriname-parla-dei-piani-dei-progetti-e-delle-priorita-della-nuova-gestione-o\/"]}]},{"@type":"ImageObject","inLanguage":"pt-BR","@id":"https:\/\/comitesbrasilia.org.br\/pt_br\/noticias\/il-nuovo-presidente-dei-comites-de-brasilia-che-rappresenta-oltre-agli-italiani-del-df-i-cittadini-di-go-to-am-pa-ap-rr-e-suriname-parla-dei-piani-dei-progetti-e-delle-priorita-della-nuova-gestione-o\/#primaryimage","url":"https:\/\/comitesbrasilia.org.br\/wp-content\/uploads\/2022\/01\/frederico_cianni.png","contentUrl":"https:\/\/comitesbrasilia.org.br\/wp-content\/uploads\/2022\/01\/frederico_cianni.png","width":935,"height":934},{"@type":"BreadcrumbList","@id":"https:\/\/comitesbrasilia.org.br\/pt_br\/noticias\/il-nuovo-presidente-dei-comites-de-brasilia-che-rappresenta-oltre-agli-italiani-del-df-i-cittadini-di-go-to-am-pa-ap-rr-e-suriname-parla-dei-piani-dei-progetti-e-delle-priorita-della-nuova-gestione-o\/#breadcrumb","itemListElement":[{"@type":"ListItem","position":1,"name":"In\u00edcio","item":"https:\/\/comitesbrasilia.org.br\/"},{"@type":"ListItem","position":2,"name":"O novo presidente dos Comit\u00eas de Bras\u00edlia &#8211; que representa, al\u00e9m dos italianos do DF, os cidad\u00e3os de GO, TO, AM, PA, AP, RR e Suriname &#8211; fala sobre os planos, projetos e prioridades da nova gest\u00e3o."}]},{"@type":"WebSite","@id":"https:\/\/comitesbrasilia.org.br\/pt_br\/#website","url":"https:\/\/comitesbrasilia.org.br\/pt_br\/","name":"Comites Bras\u00edlia","description":"","potentialAction":[{"@type":"SearchAction","target":{"@type":"EntryPoint","urlTemplate":"https:\/\/comitesbrasilia.org.br\/pt_br\/?s={search_term_string}"},"query-input":{"@type":"PropertyValueSpecification","valueRequired":true,"valueName":"search_term_string"}}],"inLanguage":"pt-BR"},{"@type":"Person","@id":"https:\/\/comitesbrasilia.org.br\/pt_br\/#\/schema\/person\/90e23976ea7b03ea70bf39ff975050c6","name":"host079","image":{"@type":"ImageObject","inLanguage":"pt-BR","@id":"https:\/\/secure.gravatar.com\/avatar\/1723fbfb96563b7fcfb2eb25713a4d721aaf3fbf96a34e56f80946023252d0b7?s=96&d=mm&r=g","url":"https:\/\/secure.gravatar.com\/avatar\/1723fbfb96563b7fcfb2eb25713a4d721aaf3fbf96a34e56f80946023252d0b7?s=96&d=mm&r=g","contentUrl":"https:\/\/secure.gravatar.com\/avatar\/1723fbfb96563b7fcfb2eb25713a4d721aaf3fbf96a34e56f80946023252d0b7?s=96&d=mm&r=g","caption":"host079"},"sameAs":["http:\/\/comites.host079.com.br"],"url":"https:\/\/comitesbrasilia.org.br\/pt_br\/author\/host079\/"}]}},"_links":{"self":[{"href":"https:\/\/comitesbrasilia.org.br\/pt_br\/wp-json\/wp\/v2\/posts\/87","targetHints":{"allow":["GET"]}}],"collection":[{"href":"https:\/\/comitesbrasilia.org.br\/pt_br\/wp-json\/wp\/v2\/posts"}],"about":[{"href":"https:\/\/comitesbrasilia.org.br\/pt_br\/wp-json\/wp\/v2\/types\/post"}],"author":[{"embeddable":true,"href":"https:\/\/comitesbrasilia.org.br\/pt_br\/wp-json\/wp\/v2\/users\/1"}],"replies":[{"embeddable":true,"href":"https:\/\/comitesbrasilia.org.br\/pt_br\/wp-json\/wp\/v2\/comments?post=87"}],"version-history":[{"count":3,"href":"https:\/\/comitesbrasilia.org.br\/pt_br\/wp-json\/wp\/v2\/posts\/87\/revisions"}],"predecessor-version":[{"id":108,"href":"https:\/\/comitesbrasilia.org.br\/pt_br\/wp-json\/wp\/v2\/posts\/87\/revisions\/108"}],"wp:featuredmedia":[{"embeddable":true,"href":"https:\/\/comitesbrasilia.org.br\/pt_br\/wp-json\/wp\/v2\/media\/106"}],"wp:attachment":[{"href":"https:\/\/comitesbrasilia.org.br\/pt_br\/wp-json\/wp\/v2\/media?parent=87"}],"wp:term":[{"taxonomy":"category","embeddable":true,"href":"https:\/\/comitesbrasilia.org.br\/pt_br\/wp-json\/wp\/v2\/categories?post=87"},{"taxonomy":"post_tag","embeddable":true,"href":"https:\/\/comitesbrasilia.org.br\/pt_br\/wp-json\/wp\/v2\/tags?post=87"}],"curies":[{"name":"wp","href":"https:\/\/api.w.org\/{rel}","templated":true}]}}