{"id":86,"date":"2022-01-07T14:18:52","date_gmt":"2022-01-07T17:18:52","guid":{"rendered":"https:\/\/comites.host079.com.br\/la-storia-della-bandiera-d-italia\/"},"modified":"2022-01-29T23:33:15","modified_gmt":"2022-01-30T02:33:15","slug":"a-historia-da-bandeira-da-italia","status":"publish","type":"post","link":"https:\/\/comitesbrasilia.org.br\/it\/noticias\/a-historia-da-bandeira-da-italia\/","title":{"rendered":"La storia della bandiera d'Italia"},"content":{"rendered":"<p>A hist\u00f3ria da bandeira da It\u00e1lia come\u00e7a oficialmente em 7 de janeiro de 1797, com sua primeira ado\u00e7\u00e3o como bandeira nacional por um estado italiano soberano, a Rep\u00fablica Cispadana, composta pelos territ\u00f3rios de Bolonha, Ferrara, M\u00f3dena e Reggio Emilia.<\/p>\n<p>Mas por que essas tr\u00eas cores?<\/p>\n<p>Em 1796 a It\u00e1lia, atravessada pelos ex\u00e9rcitos napole\u00f4nicos, a bandeira tricolor italiana foi adotada pela primeira vez como bandeira militar pela Legi\u00e3o Lombard, uma das unidades militares &#8220;italianas&#8221;, criada na \u00e9poca para apoiar o ex\u00e9rcito de Napole\u00e3o.<br \/>\nO branco e o vermelho, de fato, apareciam no antigo bras\u00e3o municipal de Mil\u00e3o (cruz vermelha em um campo branco), enquanto o verde eram, desde 1782, os uniformes da Guarda C\u00edvica milanesa.<\/p>\n<p>As mesmas cores, ent\u00e3o, foram adotadas tamb\u00e9m nos estandartes da Legi\u00e3o Italiana, que reunia os soldados das terras da Em\u00edlia e da Romagna, e provavelmente esse foi o motivo que levou a Rep\u00fablica Cispadana a confirm\u00e1-los em sua pr\u00f3pria bandeira.<\/p>\n<p>O tricolor nasceu, portanto, como uma bandeira militar, proposta para distinguir o contingente italiano dentro do ex\u00e9rcito de Napole\u00e3o.<\/p>\n<p>Ap\u00f3s a data de 7 de janeiro de 1797, a considera\u00e7\u00e3o popular pela bandeira italiana cresceu continuamente, tornando-se um dos mais importantes s\u00edmbolos do Risorgimento, que culminou em 17 de mar\u00e7o de 1861 com a proclama\u00e7\u00e3o do Reino da It\u00e1lia, do qual o tricolor passou a ser a bandeira nacional.<\/p>\n<p>Em 1997, por ocasi\u00e3o do segundo centen\u00e1rio do tricolor, o parlamento proclamou o dia 7 de janeiro &#8220;dia da bandeira nacional&#8221;.<\/p>","protected":false},"excerpt":{"rendered":"<p>A hist\u00f3ria da bandeira da It\u00e1lia come\u00e7a oficialmente em 7 de janeiro de 1797, com sua primeira ado\u00e7\u00e3o como bandeira nacional por um estado italiano soberano, a Rep\u00fablica Cispadana, composta&#8230;<\/p>","protected":false},"author":1,"featured_media":117,"comment_status":"open","ping_status":"open","sticky":false,"template":"","format":"standard","meta":{"footnotes":""},"categories":[15],"tags":[],"class_list":{"0":"post-86","1":"post","2":"type-post","3":"status-publish","4":"format-standard","5":"has-post-thumbnail","7":"category-noticias"},"yoast_head":"<!-- This site is optimized with the Yoast SEO plugin v27.5 - https:\/\/yoast.com\/product\/yoast-seo-wordpress\/ -->\n<title>A hist\u00f3ria da bandeira da It\u00e1lia - Comites Bras\u00edlia<\/title>\n<meta name=\"robots\" content=\"index, follow, max-snippet:-1, max-image-preview:large, max-video-preview:-1\" \/>\n<link rel=\"canonical\" href=\"https:\/\/comitesbrasilia.org.br\/it\/noticias\/a-historia-da-bandeira-da-italia\/\" \/>\n<meta property=\"og:locale\" content=\"it_IT\" \/>\n<meta property=\"og:type\" content=\"article\" \/>\n<meta property=\"og:title\" content=\"A hist\u00f3ria da bandeira da It\u00e1lia - Comites Bras\u00edlia\" \/>\n<meta property=\"og:description\" content=\"A hist\u00f3ria da bandeira da It\u00e1lia come\u00e7a oficialmente em 7 de janeiro de 1797, com sua primeira ado\u00e7\u00e3o como bandeira nacional por um estado italiano soberano, a Rep\u00fablica Cispadana, composta...\" \/>\n<meta property=\"og:url\" content=\"https:\/\/comitesbrasilia.org.br\/it\/noticias\/a-historia-da-bandeira-da-italia\/\" \/>\n<meta property=\"og:site_name\" content=\"Comites Bras\u00edlia\" \/>\n<meta property=\"article:published_time\" content=\"2022-01-07T17:18:52+00:00\" \/>\n<meta property=\"article:modified_time\" content=\"2022-01-30T02:33:15+00:00\" \/>\n<meta property=\"og:image\" content=\"https:\/\/comitesbrasilia.org.br\/wp-content\/uploads\/2022\/01\/dia_da_bandeira.png\" \/>\n\t<meta property=\"og:image:width\" content=\"931\" \/>\n\t<meta property=\"og:image:height\" content=\"936\" \/>\n\t<meta property=\"og:image:type\" content=\"image\/png\" \/>\n<meta name=\"author\" content=\"host079\" \/>\n<meta name=\"twitter:card\" content=\"summary_large_image\" \/>\n<script type=\"application\/ld+json\" class=\"yoast-schema-graph\">{\"@context\":\"https:\\\/\\\/schema.org\",\"@graph\":[{\"@type\":\"Article\",\"@id\":\"https:\\\/\\\/comitesbrasilia.org.br\\\/pt_br\\\/noticias\\\/a-historia-da-bandeira-da-italia\\\/#article\",\"isPartOf\":{\"@id\":\"https:\\\/\\\/comitesbrasilia.org.br\\\/pt_br\\\/noticias\\\/a-historia-da-bandeira-da-italia\\\/\"},\"author\":{\"name\":\"host079\",\"@id\":\"https:\\\/\\\/comitesbrasilia.org.br\\\/pt_br\\\/#\\\/schema\\\/person\\\/90e23976ea7b03ea70bf39ff975050c6\"},\"headline\":\"A hist\u00f3ria da bandeira da It\u00e1lia\",\"datePublished\":\"2022-01-07T17:18:52+00:00\",\"dateModified\":\"2022-01-30T02:33:15+00:00\",\"mainEntityOfPage\":{\"@id\":\"https:\\\/\\\/comitesbrasilia.org.br\\\/pt_br\\\/noticias\\\/a-historia-da-bandeira-da-italia\\\/\"},\"wordCount\":276,\"commentCount\":0,\"image\":{\"@id\":\"https:\\\/\\\/comitesbrasilia.org.br\\\/pt_br\\\/noticias\\\/a-historia-da-bandeira-da-italia\\\/#primaryimage\"},\"thumbnailUrl\":\"https:\\\/\\\/comitesbrasilia.org.br\\\/wp-content\\\/uploads\\\/2022\\\/01\\\/dia_da_bandeira.png\",\"articleSection\":[\"Not\u00edcias\"],\"inLanguage\":\"it-IT\",\"potentialAction\":[{\"@type\":\"CommentAction\",\"name\":\"Comment\",\"target\":[\"https:\\\/\\\/comitesbrasilia.org.br\\\/pt_br\\\/noticias\\\/a-historia-da-bandeira-da-italia\\\/#respond\"]}]},{\"@type\":\"WebPage\",\"@id\":\"https:\\\/\\\/comitesbrasilia.org.br\\\/pt_br\\\/noticias\\\/a-historia-da-bandeira-da-italia\\\/\",\"url\":\"https:\\\/\\\/comitesbrasilia.org.br\\\/pt_br\\\/noticias\\\/a-historia-da-bandeira-da-italia\\\/\",\"name\":\"A hist\u00f3ria da bandeira da It\u00e1lia - Comites Bras\u00edlia\",\"isPartOf\":{\"@id\":\"https:\\\/\\\/comitesbrasilia.org.br\\\/pt_br\\\/#website\"},\"primaryImageOfPage\":{\"@id\":\"https:\\\/\\\/comitesbrasilia.org.br\\\/pt_br\\\/noticias\\\/a-historia-da-bandeira-da-italia\\\/#primaryimage\"},\"image\":{\"@id\":\"https:\\\/\\\/comitesbrasilia.org.br\\\/pt_br\\\/noticias\\\/a-historia-da-bandeira-da-italia\\\/#primaryimage\"},\"thumbnailUrl\":\"https:\\\/\\\/comitesbrasilia.org.br\\\/wp-content\\\/uploads\\\/2022\\\/01\\\/dia_da_bandeira.png\",\"datePublished\":\"2022-01-07T17:18:52+00:00\",\"dateModified\":\"2022-01-30T02:33:15+00:00\",\"author\":{\"@id\":\"https:\\\/\\\/comitesbrasilia.org.br\\\/pt_br\\\/#\\\/schema\\\/person\\\/90e23976ea7b03ea70bf39ff975050c6\"},\"breadcrumb\":{\"@id\":\"https:\\\/\\\/comitesbrasilia.org.br\\\/pt_br\\\/noticias\\\/a-historia-da-bandeira-da-italia\\\/#breadcrumb\"},\"inLanguage\":\"it-IT\",\"potentialAction\":[{\"@type\":\"ReadAction\",\"target\":[\"https:\\\/\\\/comitesbrasilia.org.br\\\/pt_br\\\/noticias\\\/a-historia-da-bandeira-da-italia\\\/\"]}]},{\"@type\":\"ImageObject\",\"inLanguage\":\"it-IT\",\"@id\":\"https:\\\/\\\/comitesbrasilia.org.br\\\/pt_br\\\/noticias\\\/a-historia-da-bandeira-da-italia\\\/#primaryimage\",\"url\":\"https:\\\/\\\/comitesbrasilia.org.br\\\/wp-content\\\/uploads\\\/2022\\\/01\\\/dia_da_bandeira.png\",\"contentUrl\":\"https:\\\/\\\/comitesbrasilia.org.br\\\/wp-content\\\/uploads\\\/2022\\\/01\\\/dia_da_bandeira.png\",\"width\":931,\"height\":936},{\"@type\":\"BreadcrumbList\",\"@id\":\"https:\\\/\\\/comitesbrasilia.org.br\\\/pt_br\\\/noticias\\\/a-historia-da-bandeira-da-italia\\\/#breadcrumb\",\"itemListElement\":[{\"@type\":\"ListItem\",\"position\":1,\"name\":\"In\u00edcio\",\"item\":\"https:\\\/\\\/comitesbrasilia.org.br\\\/\"},{\"@type\":\"ListItem\",\"position\":2,\"name\":\"A hist\u00f3ria da bandeira da It\u00e1lia\"}]},{\"@type\":\"WebSite\",\"@id\":\"https:\\\/\\\/comitesbrasilia.org.br\\\/pt_br\\\/#website\",\"url\":\"https:\\\/\\\/comitesbrasilia.org.br\\\/pt_br\\\/\",\"name\":\"Comites Bras\u00edlia\",\"description\":\"\",\"potentialAction\":[{\"@type\":\"SearchAction\",\"target\":{\"@type\":\"EntryPoint\",\"urlTemplate\":\"https:\\\/\\\/comitesbrasilia.org.br\\\/pt_br\\\/?s={search_term_string}\"},\"query-input\":{\"@type\":\"PropertyValueSpecification\",\"valueRequired\":true,\"valueName\":\"search_term_string\"}}],\"inLanguage\":\"it-IT\"},{\"@type\":\"Person\",\"@id\":\"https:\\\/\\\/comitesbrasilia.org.br\\\/pt_br\\\/#\\\/schema\\\/person\\\/90e23976ea7b03ea70bf39ff975050c6\",\"name\":\"host079\",\"image\":{\"@type\":\"ImageObject\",\"inLanguage\":\"it-IT\",\"@id\":\"https:\\\/\\\/secure.gravatar.com\\\/avatar\\\/1723fbfb96563b7fcfb2eb25713a4d721aaf3fbf96a34e56f80946023252d0b7?s=96&d=mm&r=g\",\"url\":\"https:\\\/\\\/secure.gravatar.com\\\/avatar\\\/1723fbfb96563b7fcfb2eb25713a4d721aaf3fbf96a34e56f80946023252d0b7?s=96&d=mm&r=g\",\"contentUrl\":\"https:\\\/\\\/secure.gravatar.com\\\/avatar\\\/1723fbfb96563b7fcfb2eb25713a4d721aaf3fbf96a34e56f80946023252d0b7?s=96&d=mm&r=g\",\"caption\":\"host079\"},\"sameAs\":[\"http:\\\/\\\/comites.host079.com.br\"],\"url\":\"https:\\\/\\\/comitesbrasilia.org.br\\\/it\\\/author\\\/host079\\\/\"}]}<\/script>\n<!-- \/ Yoast SEO plugin. -->","yoast_head_json":{"title":"A hist\u00f3ria da bandeira da It\u00e1lia - Comites Bras\u00edlia","robots":{"index":"index","follow":"follow","max-snippet":"max-snippet:-1","max-image-preview":"max-image-preview:large","max-video-preview":"max-video-preview:-1"},"canonical":"https:\/\/comitesbrasilia.org.br\/it\/noticias\/a-historia-da-bandeira-da-italia\/","og_locale":"it_IT","og_type":"article","og_title":"A hist\u00f3ria da bandeira da It\u00e1lia - Comites Bras\u00edlia","og_description":"A hist\u00f3ria da bandeira da It\u00e1lia come\u00e7a oficialmente em 7 de janeiro de 1797, com sua primeira ado\u00e7\u00e3o como bandeira nacional por um estado italiano soberano, a Rep\u00fablica Cispadana, composta...","og_url":"https:\/\/comitesbrasilia.org.br\/it\/noticias\/a-historia-da-bandeira-da-italia\/","og_site_name":"Comites Bras\u00edlia","article_published_time":"2022-01-07T17:18:52+00:00","article_modified_time":"2022-01-30T02:33:15+00:00","og_image":[{"width":931,"height":936,"url":"https:\/\/comitesbrasilia.org.br\/wp-content\/uploads\/2022\/01\/dia_da_bandeira.png","type":"image\/png"}],"author":"host079","twitter_card":"summary_large_image","schema":{"@context":"https:\/\/schema.org","@graph":[{"@type":"Article","@id":"https:\/\/comitesbrasilia.org.br\/pt_br\/noticias\/a-historia-da-bandeira-da-italia\/#article","isPartOf":{"@id":"https:\/\/comitesbrasilia.org.br\/pt_br\/noticias\/a-historia-da-bandeira-da-italia\/"},"author":{"name":"host079","@id":"https:\/\/comitesbrasilia.org.br\/pt_br\/#\/schema\/person\/90e23976ea7b03ea70bf39ff975050c6"},"headline":"A hist\u00f3ria da bandeira da It\u00e1lia","datePublished":"2022-01-07T17:18:52+00:00","dateModified":"2022-01-30T02:33:15+00:00","mainEntityOfPage":{"@id":"https:\/\/comitesbrasilia.org.br\/pt_br\/noticias\/a-historia-da-bandeira-da-italia\/"},"wordCount":276,"commentCount":0,"image":{"@id":"https:\/\/comitesbrasilia.org.br\/pt_br\/noticias\/a-historia-da-bandeira-da-italia\/#primaryimage"},"thumbnailUrl":"https:\/\/comitesbrasilia.org.br\/wp-content\/uploads\/2022\/01\/dia_da_bandeira.png","articleSection":["Not\u00edcias"],"inLanguage":"it-IT","potentialAction":[{"@type":"CommentAction","name":"Comment","target":["https:\/\/comitesbrasilia.org.br\/pt_br\/noticias\/a-historia-da-bandeira-da-italia\/#respond"]}]},{"@type":"WebPage","@id":"https:\/\/comitesbrasilia.org.br\/pt_br\/noticias\/a-historia-da-bandeira-da-italia\/","url":"https:\/\/comitesbrasilia.org.br\/pt_br\/noticias\/a-historia-da-bandeira-da-italia\/","name":"A hist\u00f3ria da bandeira da It\u00e1lia - Comites Bras\u00edlia","isPartOf":{"@id":"https:\/\/comitesbrasilia.org.br\/pt_br\/#website"},"primaryImageOfPage":{"@id":"https:\/\/comitesbrasilia.org.br\/pt_br\/noticias\/a-historia-da-bandeira-da-italia\/#primaryimage"},"image":{"@id":"https:\/\/comitesbrasilia.org.br\/pt_br\/noticias\/a-historia-da-bandeira-da-italia\/#primaryimage"},"thumbnailUrl":"https:\/\/comitesbrasilia.org.br\/wp-content\/uploads\/2022\/01\/dia_da_bandeira.png","datePublished":"2022-01-07T17:18:52+00:00","dateModified":"2022-01-30T02:33:15+00:00","author":{"@id":"https:\/\/comitesbrasilia.org.br\/pt_br\/#\/schema\/person\/90e23976ea7b03ea70bf39ff975050c6"},"breadcrumb":{"@id":"https:\/\/comitesbrasilia.org.br\/pt_br\/noticias\/a-historia-da-bandeira-da-italia\/#breadcrumb"},"inLanguage":"it-IT","potentialAction":[{"@type":"ReadAction","target":["https:\/\/comitesbrasilia.org.br\/pt_br\/noticias\/a-historia-da-bandeira-da-italia\/"]}]},{"@type":"ImageObject","inLanguage":"it-IT","@id":"https:\/\/comitesbrasilia.org.br\/pt_br\/noticias\/a-historia-da-bandeira-da-italia\/#primaryimage","url":"https:\/\/comitesbrasilia.org.br\/wp-content\/uploads\/2022\/01\/dia_da_bandeira.png","contentUrl":"https:\/\/comitesbrasilia.org.br\/wp-content\/uploads\/2022\/01\/dia_da_bandeira.png","width":931,"height":936},{"@type":"BreadcrumbList","@id":"https:\/\/comitesbrasilia.org.br\/pt_br\/noticias\/a-historia-da-bandeira-da-italia\/#breadcrumb","itemListElement":[{"@type":"ListItem","position":1,"name":"In\u00edcio","item":"https:\/\/comitesbrasilia.org.br\/"},{"@type":"ListItem","position":2,"name":"A hist\u00f3ria da bandeira da It\u00e1lia"}]},{"@type":"WebSite","@id":"https:\/\/comitesbrasilia.org.br\/pt_br\/#website","url":"https:\/\/comitesbrasilia.org.br\/pt_br\/","name":"Comites Bras\u00edlia","description":"","potentialAction":[{"@type":"SearchAction","target":{"@type":"EntryPoint","urlTemplate":"https:\/\/comitesbrasilia.org.br\/pt_br\/?s={search_term_string}"},"query-input":{"@type":"PropertyValueSpecification","valueRequired":true,"valueName":"search_term_string"}}],"inLanguage":"it-IT"},{"@type":"Person","@id":"https:\/\/comitesbrasilia.org.br\/pt_br\/#\/schema\/person\/90e23976ea7b03ea70bf39ff975050c6","name":"host079","image":{"@type":"ImageObject","inLanguage":"it-IT","@id":"https:\/\/secure.gravatar.com\/avatar\/1723fbfb96563b7fcfb2eb25713a4d721aaf3fbf96a34e56f80946023252d0b7?s=96&d=mm&r=g","url":"https:\/\/secure.gravatar.com\/avatar\/1723fbfb96563b7fcfb2eb25713a4d721aaf3fbf96a34e56f80946023252d0b7?s=96&d=mm&r=g","contentUrl":"https:\/\/secure.gravatar.com\/avatar\/1723fbfb96563b7fcfb2eb25713a4d721aaf3fbf96a34e56f80946023252d0b7?s=96&d=mm&r=g","caption":"host079"},"sameAs":["http:\/\/comites.host079.com.br"],"url":"https:\/\/comitesbrasilia.org.br\/it\/author\/host079\/"}]}},"_links":{"self":[{"href":"https:\/\/comitesbrasilia.org.br\/it\/wp-json\/wp\/v2\/posts\/86","targetHints":{"allow":["GET"]}}],"collection":[{"href":"https:\/\/comitesbrasilia.org.br\/it\/wp-json\/wp\/v2\/posts"}],"about":[{"href":"https:\/\/comitesbrasilia.org.br\/it\/wp-json\/wp\/v2\/types\/post"}],"author":[{"embeddable":true,"href":"https:\/\/comitesbrasilia.org.br\/it\/wp-json\/wp\/v2\/users\/1"}],"replies":[{"embeddable":true,"href":"https:\/\/comitesbrasilia.org.br\/it\/wp-json\/wp\/v2\/comments?post=86"}],"version-history":[{"count":4,"href":"https:\/\/comitesbrasilia.org.br\/it\/wp-json\/wp\/v2\/posts\/86\/revisions"}],"predecessor-version":[{"id":197,"href":"https:\/\/comitesbrasilia.org.br\/it\/wp-json\/wp\/v2\/posts\/86\/revisions\/197"}],"wp:featuredmedia":[{"embeddable":true,"href":"https:\/\/comitesbrasilia.org.br\/it\/wp-json\/wp\/v2\/media\/117"}],"wp:attachment":[{"href":"https:\/\/comitesbrasilia.org.br\/it\/wp-json\/wp\/v2\/media?parent=86"}],"wp:term":[{"taxonomy":"category","embeddable":true,"href":"https:\/\/comitesbrasilia.org.br\/it\/wp-json\/wp\/v2\/categories?post=86"},{"taxonomy":"post_tag","embeddable":true,"href":"https:\/\/comitesbrasilia.org.br\/it\/wp-json\/wp\/v2\/tags?post=86"}],"curies":[{"name":"wp","href":"https:\/\/api.w.org\/{rel}","templated":true}]}}